{"id":852,"date":"2017-01-06T17:24:15","date_gmt":"2017-01-06T16:24:15","guid":{"rendered":"http:\/\/cadetfrancelibre.fr\/?p=852"},"modified":"2017-07-04T17:38:39","modified_gmt":"2017-07-04T16:38:39","slug":"la-lettre-trimestrielle-de-janvier-2017-agir-dans-la-duree","status":"publish","type":"post","link":"https:\/\/cadetfrancelibre.fr\/index.php\/2017\/01\/06\/la-lettre-trimestrielle-de-janvier-2017-agir-dans-la-duree\/","title":{"rendered":"La lettre trimestrielle de Janvier 2017 &#8211; Agir dans la dur\u00e9e!"},"content":{"rendered":"<p>L\u2019Association du Souvenir des Cadets de la France Libre a tenu sa deuxi\u00e8me assembl\u00e9e g\u00e9n\u00e9rale annuelle le 9 d\u00e9cembre 2016. Ceux qui nous accompagnent dans nos projets, tant \u00e0 l\u2019int\u00e9rieur de l\u2019association qu\u2019en proximit\u00e9 de nos actions, ont tenu \u00e0 souligner l\u2019importance et la richesse des travaux que nous avons men\u00e9s depuis l\u2019assembl\u00e9e g\u00e9n\u00e9rale constitutive de 2014 pour faire vivre le souvenir des Cadets de la France Libre.<\/p>\n<h2>Deux\u00a0ans d&rsquo;existence et d\u00e9j\u00e0 beaucoup d&rsquo;actions men\u00e9es<\/h2>\n<p>Qu\u2019on en juge : cr\u00e9ation d\u2019un site consacr\u00e9 aux Cadets, mise \u00e0 disposition de pr\u00e8s d\u2019un millier de documents et images num\u00e9ris\u00e9s, actions de communication, cr\u00e9ation d\u2019une lettre \u00e9ditoriale trimestrielle, appui \u00e0 la publication d\u2019ouvrages et documents concernant les Cadets, d\u00e9placement sur les lieux de m\u00e9moire en Grande Bretagne, relations entretenues avec les Fondations et les associations m\u00e9morielles, sans omettre la tenue r\u00e9guli\u00e8re de nos instances de bureaux et de conseils d\u2019administration.<\/p>\n<h2>L\u2019important est d\u2019entretenir le rythme<\/h2>\n<p>Car la t\u00e2che est immense, nos moyens humains et financiers limit\u00e9s, mais notre d\u00e9termination est de faire fort et vite pour faire partager d\u2019abord nos travaux \u00e0 la trentaine de survivants de l\u2019\u00e9pop\u00e9e des Cadets.<br \/>\nNotre ambition statutaire est aussi d\u2019entretenir les valeurs port\u00e9es par ces jeunes Fran\u00e7ais qui avaient pour la plus grande part moins de dix huit ans en 1940 en les faisant connaitre aux nouvelles g\u00e9n\u00e9rations.<\/p>\n<h2>En 2017, nous devons approfondir et amplifier nos actions!<\/h2>\n<p>Pour les assoir sur la dur\u00e9e, nous allons poursuivre la d\u00e9couverte des lieux de m\u00e9moire au-del\u00e0 des Ecoles anglaises de MALVERN et RIBBESFORD. En allant d\u00e9j\u00e0 sur des <strong>lieux de souvenir des combats <\/strong>dans lesquels les Cadets se sont illustr\u00e9s individuellement et collectivement. La visite prochaine de <strong>SAINT CYR COETQUIDAN<\/strong>, site embl\u00e9matique des Ecoles militaires d\u2019officiers, dont font partie les cinq Promotions des Cadets, permettra de se rapprocher du site des combats de <strong>SAINT MARCEL <\/strong>et du Mus\u00e9e qui en porte le t\u00e9moignage.<br \/>\nComme nous vous l\u2019avons expos\u00e9 dans notre lettre \u00e9ditoriale pr\u00e9c\u00e9dente, notre objectif premier en 2017 sera d\u2019\u00e9valuer l\u2019\u00e9tat de l\u2019ensemble des lieux de m\u00e9moire des Cadets en France et en Grande Bretagne et de planifier, pour ceux qui le n\u00e9cessitent, leur r\u00e9novation.<br \/>\nCe projet ambitieux et potentiellement lourd sur le plan financier n\u00e9cessitera l\u2019appui du plus grand nombre. Mais nous sommes confiants dans notre capacit\u00e9 \u00e0 rassembler autour de nous des bonnes volont\u00e9s. Certaines institutions proches nous ont assur\u00e9 de leur soutien.<br \/>\n<strong>C\u2019est pourquoi l\u2019Association du souvenir des Cadets de la France Libre vous adresse en ce d\u00e9but d\u2019ann\u00e9e des v\u0153ux chaleureux et pleins d\u2019espoir pour 2017<\/strong>.<\/p>\n<p>Pierre MOULIE<br \/>\n<a href=\"https:\/\/cadetfrancelibre.fr\/wp-content\/uploads\/2017\/01\/ASCFL_170101_Lettre05W.pdf\" target=\"_blank\">T\u00e9l\u00e9chargez la lettre<\/a><\/p>\n<h2>Chaque trimestre, une lettre nouvelle pour suivre nos activit\u00e9s<\/h2>\n<p>Retrouvez\u00a0les lettres pr\u00e9c\u00e9dentes:<\/p>\n<ul>\n<li><strong>Octobre 2016 Faire vivre les lieux de m\u00e9moire <\/strong><a href=\"https:\/\/cadetfrancelibre.fr\/wp-content\/uploads\/2016\/10\/ASCFL_161001_LETTRE_04W.pdf\" target=\"_blank\">T\u00e9l\u00e9chargez la lettre<\/a><\/li>\n<li><strong>Juillet 2016 Voyage en Angleterre\u00a0 <\/strong><a href=\"https:\/\/cadetfrancelibre.fr\/wp-content\/uploads\/2016\/10\/ASCFL_160629B_LETTRE_03W.pdf\" target=\"_blank\">T\u00e9l\u00e9chargez la lettre<\/a><\/li>\n<li><strong>Avril 2016 Devoir de m\u00e9moire\u00a0<\/strong> <a href=\"https:\/\/cadetfrancelibre.fr\/wp-content\/uploads\/2016\/10\/ASCFL_160415_LETTRE_02W.pdf\" target=\"_blank\">T\u00e9l\u00e9chargez la lettre<\/a><\/li>\n<li><strong>Janvier 2016 Bilan 2015 <\/strong> <a href=\"https:\/\/cadetfrancelibre.fr\/wp-content\/uploads\/2016\/10\/ASCFL_160104_LETTRE_01W.pdf\" target=\"_blank\">T\u00e9l\u00e9chargez la lettre<\/a><\/li>\n<\/ul>\n","protected":false},"excerpt":{"rendered":"<p>L\u2019Association du Souvenir des Cadets de la France Libre a tenu sa deuxi\u00e8me assembl\u00e9e g\u00e9n\u00e9rale annuelle le 9 d\u00e9cembre 2016. Ceux qui nous accompagnent dans nos projets, tant \u00e0 l\u2019int\u00e9rieur de l\u2019association qu\u2019en proximit\u00e9 de nos actions, ont tenu \u00e0 &hellip; <a href=\"https:\/\/cadetfrancelibre.fr\/index.php\/2017\/01\/06\/la-lettre-trimestrielle-de-janvier-2017-agir-dans-la-duree\/\">Continuer la lecture <span class=\"meta-nav\">&rarr;<\/span><\/a><\/p>\n","protected":false},"author":1,"featured_media":0,"comment_status":"open","ping_status":"open","sticky":false,"template":"","format":"standard","meta":{"footnotes":""},"categories":[2,12],"tags":[],"class_list":["post-852","post","type-post","status-publish","format-standard","hentry","category-accueil","category-lettre-trimestrielle"],"_links":{"self":[{"href":"https:\/\/cadetfrancelibre.fr\/index.php\/wp-json\/wp\/v2\/posts\/852","targetHints":{"allow":["GET"]}}],"collection":[{"href":"https:\/\/cadetfrancelibre.fr\/index.php\/wp-json\/wp\/v2\/posts"}],"about":[{"href":"https:\/\/cadetfrancelibre.fr\/index.php\/wp-json\/wp\/v2\/types\/post"}],"author":[{"embeddable":true,"href":"https:\/\/cadetfrancelibre.fr\/index.php\/wp-json\/wp\/v2\/users\/1"}],"replies":[{"embeddable":true,"href":"https:\/\/cadetfrancelibre.fr\/index.php\/wp-json\/wp\/v2\/comments?post=852"}],"version-history":[{"count":5,"href":"https:\/\/cadetfrancelibre.fr\/index.php\/wp-json\/wp\/v2\/posts\/852\/revisions"}],"predecessor-version":[{"id":942,"href":"https:\/\/cadetfrancelibre.fr\/index.php\/wp-json\/wp\/v2\/posts\/852\/revisions\/942"}],"wp:attachment":[{"href":"https:\/\/cadetfrancelibre.fr\/index.php\/wp-json\/wp\/v2\/media?parent=852"}],"wp:term":[{"taxonomy":"category","embeddable":true,"href":"https:\/\/cadetfrancelibre.fr\/index.php\/wp-json\/wp\/v2\/categories?post=852"},{"taxonomy":"post_tag","embeddable":true,"href":"https:\/\/cadetfrancelibre.fr\/index.php\/wp-json\/wp\/v2\/tags?post=852"}],"curies":[{"name":"wp","href":"https:\/\/api.w.org\/{rel}","templated":true}]}}